{"id":771,"date":"2026-04-20T22:34:18","date_gmt":"2026-04-20T20:34:18","guid":{"rendered":"https:\/\/iona-wuppertal.de\/iona\/?p=771"},"modified":"2026-04-20T22:34:20","modified_gmt":"2026-04-20T20:34:20","slug":"finde-me-am-01-03-2026","status":"publish","type":"post","link":"https:\/\/iona-wuppertal.de\/iona\/2026\/04\/20\/finde-me-am-01-03-2026\/","title":{"rendered":"Finde me am 01.03.2026"},"content":{"rendered":"\n<figure class=\"wp-block-image size-large\"><img loading=\"lazy\" decoding=\"async\" width=\"1030\" height=\"703\" src=\"https:\/\/iona-wuppertal.de\/iona\/wp-content\/uploads\/2026\/04\/finde-me-01-1030x703.webp\" alt=\"\" class=\"wp-image-769\" srcset=\"https:\/\/iona-wuppertal.de\/iona\/wp-content\/uploads\/2026\/04\/finde-me-01-1030x703.webp 1030w, https:\/\/iona-wuppertal.de\/iona\/wp-content\/uploads\/2026\/04\/finde-me-01-300x205.webp 300w, https:\/\/iona-wuppertal.de\/iona\/wp-content\/uploads\/2026\/04\/finde-me-01-768x524.webp 768w, https:\/\/iona-wuppertal.de\/iona\/wp-content\/uploads\/2026\/04\/finde-me-01-705x481.webp 705w, https:\/\/iona-wuppertal.de\/iona\/wp-content\/uploads\/2026\/04\/finde-me-01.webp 1228w\" sizes=\"auto, (max-width: 1030px) 100vw, 1030px\" \/><\/figure>\n\n\n\n<p>Am Sonntag, den 01.03.2026 verwandelte sich \u201eDie B\u00f6rse\u201c wieder in einen Ort der Begegnung und ausgelassenen Freude. Bereits zum vierten Mal lud die inklusive Veranstaltung \u201eFindMe \u2013 Ich bin Ich\u201c dazu ein, gemeinsam zu feiern, zu tanzen und das Miteinander zu genie\u00dfen.<\/p>\n\n\n\n<p>Unter dem Motto \u201eLOVE\u201c drehte sich an diesem Nachmittag alles um das sch\u00f6nste Gef\u00fchl der Welt. Ob Herzlichkeit, Zuneigung oder die pure Freude am Leben \u2013 das Thema zog sich wie ein roter Faden durch den gesamten Event.<\/p>\n\n\n\n<p>Von den IONA Lebensgemeinschaften f\u00fcr Menschen mit Behinderung e.V. tauchten insgesamt 18 Bewohner*innen und 3 Mitarbeiter*innen in die bunte Welt von \u201eFind me\u201c ein.<\/p>\n\n\n\n<figure class=\"wp-block-image aligncenter size-full\"><img loading=\"lazy\" decoding=\"async\" width=\"1234\" height=\"935\" src=\"https:\/\/iona-wuppertal.de\/iona\/wp-content\/uploads\/2026\/04\/find-me-02.webp\" alt=\"\" class=\"wp-image-767\" srcset=\"https:\/\/iona-wuppertal.de\/iona\/wp-content\/uploads\/2026\/04\/find-me-02.webp 1234w, https:\/\/iona-wuppertal.de\/iona\/wp-content\/uploads\/2026\/04\/find-me-02-300x227.webp 300w, https:\/\/iona-wuppertal.de\/iona\/wp-content\/uploads\/2026\/04\/find-me-02-1030x780.webp 1030w, https:\/\/iona-wuppertal.de\/iona\/wp-content\/uploads\/2026\/04\/find-me-02-768x582.webp 768w, https:\/\/iona-wuppertal.de\/iona\/wp-content\/uploads\/2026\/04\/find-me-02-705x534.webp 705w\" sizes=\"auto, (max-width: 1234px) 100vw, 1234px\" \/><\/figure>\n\n\n\n<p>Die Atmosph\u00e4re war so mitrei\u00dfend, dass die Tanzfl\u00e4che kaum einen Moment leer blieb.&nbsp;<\/p>\n\n\n\n<p>Die ausgelassene Stimmung und das herzliche Miteinander machten den Sonntag zu einem echten Erlebnis f\u00fcr alle Beteiligten. Die Gruppe von IONA kehrte mit bester Laune und vielen sch\u00f6nen Erinnerungen nach Hause zur\u00fcck. Die Vorfreude auf das n\u00e4chste \u201eFindMe\u201c-Event ist bereits jetzt gro\u00df.\u00a0<\/p>\n\n\n\n<figure class=\"wp-block-image size-large\"><img loading=\"lazy\" decoding=\"async\" width=\"836\" height=\"1030\" src=\"https:\/\/iona-wuppertal.de\/iona\/wp-content\/uploads\/2026\/04\/find-me03-836x1030.webp\" alt=\"\" class=\"wp-image-770\" srcset=\"https:\/\/iona-wuppertal.de\/iona\/wp-content\/uploads\/2026\/04\/find-me03-836x1030.webp 836w, https:\/\/iona-wuppertal.de\/iona\/wp-content\/uploads\/2026\/04\/find-me03-243x300.webp 243w, https:\/\/iona-wuppertal.de\/iona\/wp-content\/uploads\/2026\/04\/find-me03-768x947.webp 768w, https:\/\/iona-wuppertal.de\/iona\/wp-content\/uploads\/2026\/04\/find-me03-1246x1536.webp 1246w, https:\/\/iona-wuppertal.de\/iona\/wp-content\/uploads\/2026\/04\/find-me03-1217x1500.webp 1217w, https:\/\/iona-wuppertal.de\/iona\/wp-content\/uploads\/2026\/04\/find-me03-572x705.webp 572w, https:\/\/iona-wuppertal.de\/iona\/wp-content\/uploads\/2026\/04\/find-me03.webp 1332w\" sizes=\"auto, (max-width: 836px) 100vw, 836px\" \/><\/figure>\n\n\n\n<p>Die ausgelassene Stimmung und das herzliche Miteinander machten den Sonntag zu einem echten Erlebnis f\u00fcr alle Beteiligten. Die Gruppe von IONA kehrte mit bester Laune und vielen sch\u00f6nen Erinnerungen nach Hause zur\u00fcck. Die Vorfreude auf das n\u00e4chste \u201eFindMe\u201c-Event ist bereits jetzt gro\u00df.\u00a0<\/p>\n\n\n\n<figure class=\"wp-block-image size-full\"><img loading=\"lazy\" decoding=\"async\" width=\"864\" height=\"925\" src=\"https:\/\/iona-wuppertal.de\/iona\/wp-content\/uploads\/2026\/04\/fing-me-04.webp\" alt=\"\" class=\"wp-image-768\" srcset=\"https:\/\/iona-wuppertal.de\/iona\/wp-content\/uploads\/2026\/04\/fing-me-04.webp 864w, https:\/\/iona-wuppertal.de\/iona\/wp-content\/uploads\/2026\/04\/fing-me-04-280x300.webp 280w, https:\/\/iona-wuppertal.de\/iona\/wp-content\/uploads\/2026\/04\/fing-me-04-768x822.webp 768w, https:\/\/iona-wuppertal.de\/iona\/wp-content\/uploads\/2026\/04\/fing-me-04-659x705.webp 659w\" sizes=\"auto, (max-width: 864px) 100vw, 864px\" \/><\/figure>\n","protected":false},"excerpt":{"rendered":"<p>Am Sonntag, den 01.03.2026 verwandelte sich \u201eDie B\u00f6rse\u201c wieder in einen Ort der Begegnung und ausgelassenen Freude. Bereits zum vierten Mal lud die inklusive Veranstaltung \u201eFindMe \u2013 Ich bin Ich\u201c dazu ein, gemeinsam zu feiern, zu tanzen und das Miteinander zu genie\u00dfen. Unter dem Motto \u201eLOVE\u201c drehte sich an diesem Nachmittag alles um das sch\u00f6nste [&hellip;]<\/p>\n","protected":false},"author":1,"featured_media":772,"comment_status":"closed","ping_status":"closed","sticky":false,"template":"","format":"standard","meta":{"footnotes":""},"categories":[1],"tags":[],"class_list":["post-771","post","type-post","status-publish","format-standard","has-post-thumbnail","hentry","category-allgemein"],"_links":{"self":[{"href":"https:\/\/iona-wuppertal.de\/iona\/wp-json\/wp\/v2\/posts\/771","targetHints":{"allow":["GET"]}}],"collection":[{"href":"https:\/\/iona-wuppertal.de\/iona\/wp-json\/wp\/v2\/posts"}],"about":[{"href":"https:\/\/iona-wuppertal.de\/iona\/wp-json\/wp\/v2\/types\/post"}],"author":[{"embeddable":true,"href":"https:\/\/iona-wuppertal.de\/iona\/wp-json\/wp\/v2\/users\/1"}],"replies":[{"embeddable":true,"href":"https:\/\/iona-wuppertal.de\/iona\/wp-json\/wp\/v2\/comments?post=771"}],"version-history":[{"count":1,"href":"https:\/\/iona-wuppertal.de\/iona\/wp-json\/wp\/v2\/posts\/771\/revisions"}],"predecessor-version":[{"id":773,"href":"https:\/\/iona-wuppertal.de\/iona\/wp-json\/wp\/v2\/posts\/771\/revisions\/773"}],"wp:featuredmedia":[{"embeddable":true,"href":"https:\/\/iona-wuppertal.de\/iona\/wp-json\/wp\/v2\/media\/772"}],"wp:attachment":[{"href":"https:\/\/iona-wuppertal.de\/iona\/wp-json\/wp\/v2\/media?parent=771"}],"wp:term":[{"taxonomy":"category","embeddable":true,"href":"https:\/\/iona-wuppertal.de\/iona\/wp-json\/wp\/v2\/categories?post=771"},{"taxonomy":"post_tag","embeddable":true,"href":"https:\/\/iona-wuppertal.de\/iona\/wp-json\/wp\/v2\/tags?post=771"}],"curies":[{"name":"wp","href":"https:\/\/api.w.org\/{rel}","templated":true}]}}