{"id":759,"date":"2026-03-02T14:17:54","date_gmt":"2026-03-02T13:17:54","guid":{"rendered":"https:\/\/iona-wuppertal.de\/iona\/?p=759"},"modified":"2026-03-02T14:19:33","modified_gmt":"2026-03-02T13:19:33","slug":"orpheus-und-eurydike","status":"publish","type":"post","link":"https:\/\/iona-wuppertal.de\/iona\/2026\/03\/02\/orpheus-und-eurydike\/","title":{"rendered":"\u00a0\u201eOrpheus und Eurydike\u201c\u00a0"},"content":{"rendered":"\n<figure class=\"wp-block-image size-large\"><img loading=\"lazy\" decoding=\"async\" width=\"708\" height=\"1030\" src=\"https:\/\/iona-wuppertal.de\/iona\/wp-content\/uploads\/2026\/03\/oue-01-708x1030.jpg\" alt=\"\" class=\"wp-image-741\" srcset=\"https:\/\/iona-wuppertal.de\/iona\/wp-content\/uploads\/2026\/03\/oue-01-708x1030.jpg 708w, https:\/\/iona-wuppertal.de\/iona\/wp-content\/uploads\/2026\/03\/oue-01-206x300.jpg 206w, https:\/\/iona-wuppertal.de\/iona\/wp-content\/uploads\/2026\/03\/oue-01-768x1117.jpg 768w, https:\/\/iona-wuppertal.de\/iona\/wp-content\/uploads\/2026\/03\/oue-01-1056x1536.jpg 1056w, https:\/\/iona-wuppertal.de\/iona\/wp-content\/uploads\/2026\/03\/oue-01-1031x1500.jpg 1031w, https:\/\/iona-wuppertal.de\/iona\/wp-content\/uploads\/2026\/03\/oue-01-485x705.jpg 485w, https:\/\/iona-wuppertal.de\/iona\/wp-content\/uploads\/2026\/03\/oue-01.jpg 1176w\" sizes=\"auto, (max-width: 708px) 100vw, 708px\" \/><\/figure>\n\n\n\n<p>Am 25.01.2026 zeigte das inklusive MusikTanzTheater&nbsp;<strong>POUR ENSEMBLE<\/strong><strong>&nbsp;<\/strong>seine neue Produktion &#8222;Orpheus und Euridyke&#8220; im&nbsp;ehemaligen Schauspielhaus Wuppertal (zuk\u00fcnftigen Pina Bausch-Zentrum)<\/p>\n\n\n\n<p>Wir von den Iona Lebensgemeinschaften f\u00fcr Menschen mit Behinderungen e.V. wurden herzlich eingeladen, uns das St\u00fcck anzuschauen.&nbsp;&nbsp;&nbsp;&nbsp;&nbsp;&nbsp;&nbsp;&nbsp;&nbsp;&nbsp;&nbsp;&nbsp;&nbsp;&nbsp;&nbsp;&nbsp;&nbsp;&nbsp;&nbsp;&nbsp;&nbsp;&nbsp;&nbsp;&nbsp;&nbsp;&nbsp;&nbsp;&nbsp;&nbsp;&nbsp;&nbsp;&nbsp;&nbsp;&nbsp;&nbsp;&nbsp;&nbsp;Der Eintritt war f\u00fcr uns kostenlos.<\/p>\n\n\n\n<p><strong>POUR ENSEMBLE<\/strong>\u00a0arbeitete zum ersten Mal mit einer Oper und n\u00e4herte sich mit seiner interdisziplin\u00e4ren Arbeitsweise dem Mythos von Orpheus und Eurydiken in der hoffnungsvollen Version von Christoph W. Gluck an.<\/p>\n\n\n\n<p>Die Musiker*innen des\u00a0<strong>POUR ENSEMBLE<\/strong>\u00a0erarbeiteten eine sehr individuelle Interpretation der Gluck\u2018schen Musik.<\/p>\n\n\n\n<p>Die Ensemblemitglieder spielten, tanzten, schrien und sangen die Oper \u2013 eine Premiere. Es war eine sehr gelungene Ann\u00e4herung an die Kunstform Oper, aber auch ein St\u00fcck \u00fcber Mut, \u00fcber die Liebe und \u00fcber das Vermissen. Dar\u00fcber, sich nach einem Menschen zu sehnen, eine Pr\u00fcfung bestehen zu\u00a0m\u00fcssen und \u00fcber die Schwierigkeit, sich nicht anschauen zu k\u00f6nnen.<\/p>\n\n\n\n<figure class=\"wp-block-image size-full\"><img loading=\"lazy\" decoding=\"async\" width=\"866\" height=\"528\" src=\"https:\/\/iona-wuppertal.de\/iona\/wp-content\/uploads\/2026\/03\/oue-02.jpg\" alt=\"\" class=\"wp-image-742\" srcset=\"https:\/\/iona-wuppertal.de\/iona\/wp-content\/uploads\/2026\/03\/oue-02.jpg 866w, https:\/\/iona-wuppertal.de\/iona\/wp-content\/uploads\/2026\/03\/oue-02-300x183.jpg 300w, https:\/\/iona-wuppertal.de\/iona\/wp-content\/uploads\/2026\/03\/oue-02-768x468.jpg 768w, https:\/\/iona-wuppertal.de\/iona\/wp-content\/uploads\/2026\/03\/oue-02-705x430.jpg 705w\" sizes=\"auto, (max-width: 866px) 100vw, 866px\" \/><\/figure>\n\n\n\n<p>Beeindruckt von einer starken Gesamtleistung des Ensembles war allen schnell klar, dass wir auch an weiteren Vorstellungen des\u00a0<strong>POUR\u00a0ENSEMBLE<\/strong>\u00a0unter den Zuschauern zu finden sein werden.<\/p>\n\n\n\n<figure class=\"wp-block-image aligncenter size-full\"><img loading=\"lazy\" decoding=\"async\" width=\"488\" height=\"326\" src=\"https:\/\/iona-wuppertal.de\/iona\/wp-content\/uploads\/2026\/03\/oue-03.jpg\" alt=\"\" class=\"wp-image-743\" srcset=\"https:\/\/iona-wuppertal.de\/iona\/wp-content\/uploads\/2026\/03\/oue-03.jpg 488w, https:\/\/iona-wuppertal.de\/iona\/wp-content\/uploads\/2026\/03\/oue-03-300x200.jpg 300w\" sizes=\"auto, (max-width: 488px) 100vw, 488px\" \/><\/figure>\n","protected":false},"excerpt":{"rendered":"<p>Am 25.01.2026 zeigte das inklusive MusikTanzTheater&nbsp;POUR ENSEMBLE&nbsp;seine neue Produktion &#8222;Orpheus und Euridyke&#8220; im&nbsp;ehemaligen Schauspielhaus Wuppertal (zuk\u00fcnftigen Pina Bausch-Zentrum) Wir von den Iona Lebensgemeinschaften f\u00fcr Menschen mit Behinderungen e.V. wurden herzlich eingeladen, uns das St\u00fcck anzuschauen.&nbsp;&nbsp;&nbsp;&nbsp;&nbsp;&nbsp;&nbsp;&nbsp;&nbsp;&nbsp;&nbsp;&nbsp;&nbsp;&nbsp;&nbsp;&nbsp;&nbsp;&nbsp;&nbsp;&nbsp;&nbsp;&nbsp;&nbsp;&nbsp;&nbsp;&nbsp;&nbsp;&nbsp;&nbsp;&nbsp;&nbsp;&nbsp;&nbsp;&nbsp;&nbsp;&nbsp;&nbsp;Der Eintritt war f\u00fcr uns kostenlos. POUR ENSEMBLE\u00a0arbeitete zum ersten Mal mit einer Oper und n\u00e4herte sich mit seiner interdisziplin\u00e4ren Arbeitsweise [&hellip;]<\/p>\n","protected":false},"author":1,"featured_media":742,"comment_status":"closed","ping_status":"closed","sticky":false,"template":"","format":"standard","meta":{"footnotes":""},"categories":[1],"tags":[],"class_list":["post-759","post","type-post","status-publish","format-standard","has-post-thumbnail","hentry","category-allgemein"],"_links":{"self":[{"href":"https:\/\/iona-wuppertal.de\/iona\/wp-json\/wp\/v2\/posts\/759","targetHints":{"allow":["GET"]}}],"collection":[{"href":"https:\/\/iona-wuppertal.de\/iona\/wp-json\/wp\/v2\/posts"}],"about":[{"href":"https:\/\/iona-wuppertal.de\/iona\/wp-json\/wp\/v2\/types\/post"}],"author":[{"embeddable":true,"href":"https:\/\/iona-wuppertal.de\/iona\/wp-json\/wp\/v2\/users\/1"}],"replies":[{"embeddable":true,"href":"https:\/\/iona-wuppertal.de\/iona\/wp-json\/wp\/v2\/comments?post=759"}],"version-history":[{"count":1,"href":"https:\/\/iona-wuppertal.de\/iona\/wp-json\/wp\/v2\/posts\/759\/revisions"}],"predecessor-version":[{"id":760,"href":"https:\/\/iona-wuppertal.de\/iona\/wp-json\/wp\/v2\/posts\/759\/revisions\/760"}],"wp:featuredmedia":[{"embeddable":true,"href":"https:\/\/iona-wuppertal.de\/iona\/wp-json\/wp\/v2\/media\/742"}],"wp:attachment":[{"href":"https:\/\/iona-wuppertal.de\/iona\/wp-json\/wp\/v2\/media?parent=759"}],"wp:term":[{"taxonomy":"category","embeddable":true,"href":"https:\/\/iona-wuppertal.de\/iona\/wp-json\/wp\/v2\/categories?post=759"},{"taxonomy":"post_tag","embeddable":true,"href":"https:\/\/iona-wuppertal.de\/iona\/wp-json\/wp\/v2\/tags?post=759"}],"curies":[{"name":"wp","href":"https:\/\/api.w.org\/{rel}","templated":true}]}}