{"id":755,"date":"2025-11-21T16:40:00","date_gmt":"2025-11-21T15:40:00","guid":{"rendered":"https:\/\/iona-wuppertal.de\/iona\/?p=755"},"modified":"2026-03-02T14:14:03","modified_gmt":"2026-03-02T13:14:03","slug":"obstbaum-patenschaft","status":"publish","type":"post","link":"https:\/\/iona-wuppertal.de\/iona\/2025\/11\/21\/obstbaum-patenschaft\/","title":{"rendered":"Obstbaum-Patenschaft"},"content":{"rendered":"\n<p>Der Verein Iona Lebensgemeinschaften f\u00fcr Menschen mit Behinderungen e.V. hatte die M\u00f6glichkeit, gemeinsam mit dem B\u00fcrgerverein \u201eZukunft Ostersbaum\u201c und einem Kindergarten sich an einer Aktion zur F\u00f6rderung des Freizeit- und Erholungswerts des Stadtteils Ostersbaum zu beteiligen.<\/p>\n\n\n\n<p>Die finanziellen Mittel hierf\u00fcr wurden von der Stadt Wuppertal gestellt.<\/p>\n\n\n\n<p>Gemeinsam wurde geplant, wie der Schniewind\u00b4sche Park, der sich in der N\u00e4he des Hauses Ostara befindet, versch\u00f6nert werden k\u00f6nnte. Es wurden Spielger\u00e4te auf dem Spielplatz erneuert, einige neue B\u00e4nke aufgestellt und eine Obstwiese angepflanzt.<\/p>\n\n\n\n<p>Am 07.10.2025 wurde die Obstwiese eingeweiht und alle Paten herzlich begr\u00fc\u00dft.<\/p>\n\n\n\n<p>Die Freude \u00fcber die Obstbaum-Patenschaft unter den Bewohnern war gro\u00df und die Bereitschaft, dass sich so viele Einrichtungen beteiligen und sich um die neuen B\u00e4ume k\u00fcmmern wollen, tr\u00e4gt zur St\u00e4rkung des Gemeinschaftsgef\u00fchls bei.<\/p>\n\n\n\n<figure class=\"wp-block-gallery has-nested-images columns-default is-cropped wp-block-gallery-1 is-layout-flex wp-block-gallery-is-layout-flex\">\n<figure class=\"wp-block-image size-large\"><img loading=\"lazy\" decoding=\"async\" width=\"773\" height=\"1030\" data-id=\"735\" src=\"https:\/\/iona-wuppertal.de\/iona\/wp-content\/uploads\/2026\/03\/obstbaum-01-773x1030.jpg\" alt=\"\" class=\"wp-image-735\" srcset=\"https:\/\/iona-wuppertal.de\/iona\/wp-content\/uploads\/2026\/03\/obstbaum-01-773x1030.jpg 773w, https:\/\/iona-wuppertal.de\/iona\/wp-content\/uploads\/2026\/03\/obstbaum-01-225x300.jpg 225w, https:\/\/iona-wuppertal.de\/iona\/wp-content\/uploads\/2026\/03\/obstbaum-01-768x1024.jpg 768w, https:\/\/iona-wuppertal.de\/iona\/wp-content\/uploads\/2026\/03\/obstbaum-01-1152x1536.jpg 1152w, https:\/\/iona-wuppertal.de\/iona\/wp-content\/uploads\/2026\/03\/obstbaum-01-1125x1500.jpg 1125w, https:\/\/iona-wuppertal.de\/iona\/wp-content\/uploads\/2026\/03\/obstbaum-01-529x705.jpg 529w, https:\/\/iona-wuppertal.de\/iona\/wp-content\/uploads\/2026\/03\/obstbaum-01.jpg 1200w\" sizes=\"auto, (max-width: 773px) 100vw, 773px\" \/><\/figure>\n\n\n\n<figure class=\"wp-block-image size-large\"><img loading=\"lazy\" decoding=\"async\" width=\"773\" height=\"1030\" data-id=\"736\" src=\"https:\/\/iona-wuppertal.de\/iona\/wp-content\/uploads\/2026\/03\/obstbaum-02-773x1030.jpg\" alt=\"\" class=\"wp-image-736\" srcset=\"https:\/\/iona-wuppertal.de\/iona\/wp-content\/uploads\/2026\/03\/obstbaum-02-773x1030.jpg 773w, https:\/\/iona-wuppertal.de\/iona\/wp-content\/uploads\/2026\/03\/obstbaum-02-225x300.jpg 225w, https:\/\/iona-wuppertal.de\/iona\/wp-content\/uploads\/2026\/03\/obstbaum-02-768x1024.jpg 768w, https:\/\/iona-wuppertal.de\/iona\/wp-content\/uploads\/2026\/03\/obstbaum-02-1152x1536.jpg 1152w, https:\/\/iona-wuppertal.de\/iona\/wp-content\/uploads\/2026\/03\/obstbaum-02-1125x1500.jpg 1125w, https:\/\/iona-wuppertal.de\/iona\/wp-content\/uploads\/2026\/03\/obstbaum-02-529x705.jpg 529w, https:\/\/iona-wuppertal.de\/iona\/wp-content\/uploads\/2026\/03\/obstbaum-02.jpg 1200w\" sizes=\"auto, (max-width: 773px) 100vw, 773px\" \/><\/figure>\n<\/figure>\n","protected":false},"excerpt":{"rendered":"<p>Der Verein Iona Lebensgemeinschaften f\u00fcr Menschen mit Behinderungen e.V. hatte die M\u00f6glichkeit, gemeinsam mit dem B\u00fcrgerverein \u201eZukunft Ostersbaum\u201c und einem Kindergarten sich an einer Aktion zur F\u00f6rderung des Freizeit- und Erholungswerts des Stadtteils Ostersbaum zu beteiligen. Die finanziellen Mittel hierf\u00fcr wurden von der Stadt Wuppertal gestellt. Gemeinsam wurde geplant, wie der Schniewind\u00b4sche Park, der sich [&hellip;]<\/p>\n","protected":false},"author":1,"featured_media":0,"comment_status":"closed","ping_status":"closed","sticky":false,"template":"","format":"standard","meta":{"footnotes":""},"categories":[1],"tags":[],"class_list":["post-755","post","type-post","status-publish","format-standard","hentry","category-allgemein"],"_links":{"self":[{"href":"https:\/\/iona-wuppertal.de\/iona\/wp-json\/wp\/v2\/posts\/755","targetHints":{"allow":["GET"]}}],"collection":[{"href":"https:\/\/iona-wuppertal.de\/iona\/wp-json\/wp\/v2\/posts"}],"about":[{"href":"https:\/\/iona-wuppertal.de\/iona\/wp-json\/wp\/v2\/types\/post"}],"author":[{"embeddable":true,"href":"https:\/\/iona-wuppertal.de\/iona\/wp-json\/wp\/v2\/users\/1"}],"replies":[{"embeddable":true,"href":"https:\/\/iona-wuppertal.de\/iona\/wp-json\/wp\/v2\/comments?post=755"}],"version-history":[{"count":1,"href":"https:\/\/iona-wuppertal.de\/iona\/wp-json\/wp\/v2\/posts\/755\/revisions"}],"predecessor-version":[{"id":756,"href":"https:\/\/iona-wuppertal.de\/iona\/wp-json\/wp\/v2\/posts\/755\/revisions\/756"}],"wp:attachment":[{"href":"https:\/\/iona-wuppertal.de\/iona\/wp-json\/wp\/v2\/media?parent=755"}],"wp:term":[{"taxonomy":"category","embeddable":true,"href":"https:\/\/iona-wuppertal.de\/iona\/wp-json\/wp\/v2\/categories?post=755"},{"taxonomy":"post_tag","embeddable":true,"href":"https:\/\/iona-wuppertal.de\/iona\/wp-json\/wp\/v2\/tags?post=755"}],"curies":[{"name":"wp","href":"https:\/\/api.w.org\/{rel}","templated":true}]}}