{"id":541,"date":"2024-05-22T12:22:03","date_gmt":"2024-05-22T10:22:03","guid":{"rendered":"https:\/\/iona-wuppertal.de\/iona\/?p=541"},"modified":"2024-05-22T12:22:03","modified_gmt":"2024-05-22T10:22:03","slug":"wir-bereiten-uns-auf-die-europawahl-2024-vor","status":"publish","type":"post","link":"https:\/\/iona-wuppertal.de\/iona\/2024\/05\/22\/wir-bereiten-uns-auf-die-europawahl-2024-vor\/","title":{"rendered":"Wir bereiten uns auf die Europawahl 2024 vor!"},"content":{"rendered":"\n<p>Am 16.05.24 waren alle Bewohner der Iona Lebensgemeinschaften f\u00fcr Menschen mit Behinderungen e.V. in dem vereinseigenen Raum in der Harmoniestra\u00dfe 10 zu einer Informationsveranstaltung betreffend der Europawahl am 09.06.2024 eingeladen.<\/p>\n\n\n\n<figure class=\"wp-block-image size-large\"><img loading=\"lazy\" decoding=\"async\" width=\"1030\" height=\"726\" src=\"https:\/\/iona-wuppertal.de\/iona\/wp-content\/uploads\/2024\/05\/europawahl-01-1030x726.jpg\" alt=\"\" class=\"wp-image-542\" srcset=\"https:\/\/iona-wuppertal.de\/iona\/wp-content\/uploads\/2024\/05\/europawahl-01-1030x726.jpg 1030w, https:\/\/iona-wuppertal.de\/iona\/wp-content\/uploads\/2024\/05\/europawahl-01-300x212.jpg 300w, https:\/\/iona-wuppertal.de\/iona\/wp-content\/uploads\/2024\/05\/europawahl-01-768x542.jpg 768w, https:\/\/iona-wuppertal.de\/iona\/wp-content\/uploads\/2024\/05\/europawahl-01-705x497.jpg 705w, https:\/\/iona-wuppertal.de\/iona\/wp-content\/uploads\/2024\/05\/europawahl-01.jpg 1320w\" sizes=\"auto, (max-width: 1030px) 100vw, 1030px\" \/><\/figure>\n\n\n\n<p>Ziel der Veranstaltung war es, \u00fcber das Thema Europa ins Gespr\u00e4ch zu kommen, zu informieren und den Teilnehmenden zu zeigen, wie eine Wahl funktioniert.<\/p>\n\n\n\n<p>Mithilfe einer Powerpoint-Pr\u00e4sentation wurde durch die Gesch\u00e4ftsleitung und weitere Mitarbeiter er\u00f6rtert, welche L\u00e4nder zu Europa geh\u00f6ren, was wir mit den einzelnen L\u00e4ndern verbinden und was die Europ\u00e4ische Union ist.<\/p>\n\n\n\n<p>Es wurde erkl\u00e4rt, was bei der Europawahl gew\u00e4hlt werden kann, was ein Parlament ist und was die einzelnen Parteien damit zu tun haben.<\/p>\n\n\n\n<p>Die Bewohner wurden angeregt, sich zu informieren, welche Partei ihre Meinung am besten vertritt und von ihrem Wahlrecht Gebrauch zu machen.<\/p>\n\n\n\n<figure class=\"wp-block-image size-large\"><img loading=\"lazy\" decoding=\"async\" width=\"1030\" height=\"724\" src=\"https:\/\/iona-wuppertal.de\/iona\/wp-content\/uploads\/2024\/05\/europawahl-02-1030x724.jpg\" alt=\"\" class=\"wp-image-543\" srcset=\"https:\/\/iona-wuppertal.de\/iona\/wp-content\/uploads\/2024\/05\/europawahl-02-1030x724.jpg 1030w, https:\/\/iona-wuppertal.de\/iona\/wp-content\/uploads\/2024\/05\/europawahl-02-300x211.jpg 300w, https:\/\/iona-wuppertal.de\/iona\/wp-content\/uploads\/2024\/05\/europawahl-02-768x540.jpg 768w, https:\/\/iona-wuppertal.de\/iona\/wp-content\/uploads\/2024\/05\/europawahl-02-705x496.jpg 705w, https:\/\/iona-wuppertal.de\/iona\/wp-content\/uploads\/2024\/05\/europawahl-02.jpg 1252w\" sizes=\"auto, (max-width: 1030px) 100vw, 1030px\" \/><\/figure>\n\n\n\n<p>Zum Abschluss der Veranstaltung konnten alle Bewohner Informationsmaterial in leichter Sprache, die zuvor beim Bundesministerium f\u00fcr Bildung bestellt worden waren, mitnehmen, um nochmals alles in Ruhe vertiefen zu k\u00f6nnen.<\/p>\n","protected":false},"excerpt":{"rendered":"<p>Am 16.05.24 waren alle Bewohner der Iona Lebensgemeinschaften f\u00fcr Menschen mit Behinderungen e.V. in dem vereinseigenen Raum in der Harmoniestra\u00dfe 10 zu einer Informationsveranstaltung betreffend der Europawahl am 09.06.2024 eingeladen. Ziel der Veranstaltung war es, \u00fcber das Thema Europa ins Gespr\u00e4ch zu kommen, zu informieren und den Teilnehmenden zu zeigen, wie eine Wahl funktioniert. Mithilfe [&hellip;]<\/p>\n","protected":false},"author":1,"featured_media":542,"comment_status":"closed","ping_status":"closed","sticky":false,"template":"","format":"standard","meta":{"footnotes":""},"categories":[1],"tags":[],"class_list":["post-541","post","type-post","status-publish","format-standard","has-post-thumbnail","hentry","category-allgemein"],"_links":{"self":[{"href":"https:\/\/iona-wuppertal.de\/iona\/wp-json\/wp\/v2\/posts\/541","targetHints":{"allow":["GET"]}}],"collection":[{"href":"https:\/\/iona-wuppertal.de\/iona\/wp-json\/wp\/v2\/posts"}],"about":[{"href":"https:\/\/iona-wuppertal.de\/iona\/wp-json\/wp\/v2\/types\/post"}],"author":[{"embeddable":true,"href":"https:\/\/iona-wuppertal.de\/iona\/wp-json\/wp\/v2\/users\/1"}],"replies":[{"embeddable":true,"href":"https:\/\/iona-wuppertal.de\/iona\/wp-json\/wp\/v2\/comments?post=541"}],"version-history":[{"count":1,"href":"https:\/\/iona-wuppertal.de\/iona\/wp-json\/wp\/v2\/posts\/541\/revisions"}],"predecessor-version":[{"id":544,"href":"https:\/\/iona-wuppertal.de\/iona\/wp-json\/wp\/v2\/posts\/541\/revisions\/544"}],"wp:featuredmedia":[{"embeddable":true,"href":"https:\/\/iona-wuppertal.de\/iona\/wp-json\/wp\/v2\/media\/542"}],"wp:attachment":[{"href":"https:\/\/iona-wuppertal.de\/iona\/wp-json\/wp\/v2\/media?parent=541"}],"wp:term":[{"taxonomy":"category","embeddable":true,"href":"https:\/\/iona-wuppertal.de\/iona\/wp-json\/wp\/v2\/categories?post=541"},{"taxonomy":"post_tag","embeddable":true,"href":"https:\/\/iona-wuppertal.de\/iona\/wp-json\/wp\/v2\/tags?post=541"}],"curies":[{"name":"wp","href":"https:\/\/api.w.org\/{rel}","templated":true}]}}