{"id":507,"date":"2024-02-26T09:51:24","date_gmt":"2024-02-26T08:51:24","guid":{"rendered":"https:\/\/iona-wuppertal.de\/iona\/?p=507"},"modified":"2024-02-26T09:51:25","modified_gmt":"2024-02-26T08:51:25","slug":"der-ostersbaum-leuchtet-lichterwege-am-06-02-24","status":"publish","type":"post","link":"https:\/\/iona-wuppertal.de\/iona\/2024\/02\/26\/der-ostersbaum-leuchtet-lichterwege-am-06-02-24\/","title":{"rendered":"Der Ostersbaum leuchtet &#8211; \u201eLichterwege\u201c am 06.02.24"},"content":{"rendered":"\n<p>Zum 25.sten Mal lockten die \u201eLichterwege\u201c viele Besucher zum Ostersbaum.<\/p>\n\n\n\n<p>Treppen, Mauern und H\u00f6fe wurden mit \u00fcber 7.000 Lichtern beleuchtet.<\/p>\n\n\n\n<p>Kerzen in bunten Gl\u00e4sern wurden auf Treppen im Stadtteil aufgestellt und verwandelten sie in leuchtende Kunstwerke.<\/p>\n\n\n\n<p>Veranstalter waren das&nbsp;Nachbarschaftsheim Wuppertal e.V. mit Unterst\u00fctzung des B\u00fcrgervereins Zukunft Ostersbaum e.V. und zahlreichen Einrichtungen im Stadtteil.&nbsp;<\/p>\n\n\n\n<p><strong>Erstmals waren auch wir von den Iona Lebensgemeinschaften e.V. mit einer Lichtinstallation (IONA-Logo) im Else-Lasker-Sch\u00fcler-Park und einer Getr\u00e4nkebar mit Gl\u00fchwein und Punsch beteiligt.<\/strong><\/p>\n\n\n\n<p><\/p>\n\n\n\n<figure class=\"wp-block-gallery has-nested-images columns-2 is-cropped wp-block-gallery-1 is-layout-flex wp-block-gallery-is-layout-flex\">\n<figure class=\"wp-block-image size-full\"><img loading=\"lazy\" decoding=\"async\" width=\"1390\" height=\"1069\" data-id=\"511\" src=\"https:\/\/iona-wuppertal.de\/iona\/wp-content\/uploads\/2024\/02\/Osterbaum.jpg\" alt=\"\" class=\"wp-image-511\" srcset=\"https:\/\/iona-wuppertal.de\/iona\/wp-content\/uploads\/2024\/02\/Osterbaum.jpg 1390w, https:\/\/iona-wuppertal.de\/iona\/wp-content\/uploads\/2024\/02\/Osterbaum-300x231.jpg 300w, https:\/\/iona-wuppertal.de\/iona\/wp-content\/uploads\/2024\/02\/Osterbaum-1030x792.jpg 1030w, https:\/\/iona-wuppertal.de\/iona\/wp-content\/uploads\/2024\/02\/Osterbaum-768x591.jpg 768w, https:\/\/iona-wuppertal.de\/iona\/wp-content\/uploads\/2024\/02\/Osterbaum-705x542.jpg 705w\" sizes=\"auto, (max-width: 1390px) 100vw, 1390px\" \/><\/figure>\n\n\n\n<figure class=\"wp-block-image size-large\"><img loading=\"lazy\" decoding=\"async\" width=\"680\" height=\"622\" data-id=\"508\" src=\"https:\/\/iona-wuppertal.de\/iona\/wp-content\/uploads\/2024\/02\/Ostersbaum-02.jpg\" alt=\"\" class=\"wp-image-508\" srcset=\"https:\/\/iona-wuppertal.de\/iona\/wp-content\/uploads\/2024\/02\/Ostersbaum-02.jpg 680w, https:\/\/iona-wuppertal.de\/iona\/wp-content\/uploads\/2024\/02\/Ostersbaum-02-300x274.jpg 300w\" sizes=\"auto, (max-width: 680px) 100vw, 680px\" \/><\/figure>\n\n\n\n<figure class=\"wp-block-image size-large\"><img loading=\"lazy\" decoding=\"async\" width=\"715\" height=\"892\" data-id=\"510\" src=\"https:\/\/iona-wuppertal.de\/iona\/wp-content\/uploads\/2024\/02\/Ostersbaum-03.jpg\" alt=\"\" class=\"wp-image-510\" srcset=\"https:\/\/iona-wuppertal.de\/iona\/wp-content\/uploads\/2024\/02\/Ostersbaum-03.jpg 715w, https:\/\/iona-wuppertal.de\/iona\/wp-content\/uploads\/2024\/02\/Ostersbaum-03-240x300.jpg 240w, https:\/\/iona-wuppertal.de\/iona\/wp-content\/uploads\/2024\/02\/Ostersbaum-03-565x705.jpg 565w\" sizes=\"auto, (max-width: 715px) 100vw, 715px\" \/><\/figure>\n\n\n\n<figure class=\"wp-block-image size-large\"><img loading=\"lazy\" decoding=\"async\" width=\"294\" height=\"396\" data-id=\"509\" src=\"https:\/\/iona-wuppertal.de\/iona\/wp-content\/uploads\/2024\/02\/Ostersbaum-04.jpg\" alt=\"\" class=\"wp-image-509\" srcset=\"https:\/\/iona-wuppertal.de\/iona\/wp-content\/uploads\/2024\/02\/Ostersbaum-04.jpg 294w, https:\/\/iona-wuppertal.de\/iona\/wp-content\/uploads\/2024\/02\/Ostersbaum-04-223x300.jpg 223w\" sizes=\"auto, (max-width: 294px) 100vw, 294px\" \/><\/figure>\n<\/figure>\n","protected":false},"excerpt":{"rendered":"<p>Zum 25.sten Mal lockten die \u201eLichterwege\u201c viele Besucher zum Ostersbaum. Treppen, Mauern und H\u00f6fe wurden mit \u00fcber 7.000 Lichtern beleuchtet. Kerzen in bunten Gl\u00e4sern wurden auf Treppen im Stadtteil aufgestellt und verwandelten sie in leuchtende Kunstwerke. Veranstalter waren das&nbsp;Nachbarschaftsheim Wuppertal e.V. mit Unterst\u00fctzung des B\u00fcrgervereins Zukunft Ostersbaum e.V. und zahlreichen Einrichtungen im Stadtteil.&nbsp; Erstmals waren [&hellip;]<\/p>\n","protected":false},"author":1,"featured_media":0,"comment_status":"closed","ping_status":"closed","sticky":false,"template":"","format":"standard","meta":{"footnotes":""},"categories":[1],"tags":[],"class_list":["post-507","post","type-post","status-publish","format-standard","hentry","category-allgemein"],"_links":{"self":[{"href":"https:\/\/iona-wuppertal.de\/iona\/wp-json\/wp\/v2\/posts\/507","targetHints":{"allow":["GET"]}}],"collection":[{"href":"https:\/\/iona-wuppertal.de\/iona\/wp-json\/wp\/v2\/posts"}],"about":[{"href":"https:\/\/iona-wuppertal.de\/iona\/wp-json\/wp\/v2\/types\/post"}],"author":[{"embeddable":true,"href":"https:\/\/iona-wuppertal.de\/iona\/wp-json\/wp\/v2\/users\/1"}],"replies":[{"embeddable":true,"href":"https:\/\/iona-wuppertal.de\/iona\/wp-json\/wp\/v2\/comments?post=507"}],"version-history":[{"count":1,"href":"https:\/\/iona-wuppertal.de\/iona\/wp-json\/wp\/v2\/posts\/507\/revisions"}],"predecessor-version":[{"id":512,"href":"https:\/\/iona-wuppertal.de\/iona\/wp-json\/wp\/v2\/posts\/507\/revisions\/512"}],"wp:attachment":[{"href":"https:\/\/iona-wuppertal.de\/iona\/wp-json\/wp\/v2\/media?parent=507"}],"wp:term":[{"taxonomy":"category","embeddable":true,"href":"https:\/\/iona-wuppertal.de\/iona\/wp-json\/wp\/v2\/categories?post=507"},{"taxonomy":"post_tag","embeddable":true,"href":"https:\/\/iona-wuppertal.de\/iona\/wp-json\/wp\/v2\/tags?post=507"}],"curies":[{"name":"wp","href":"https:\/\/api.w.org\/{rel}","templated":true}]}}